{"id":10776,"date":"0814-01-28T11:36:26","date_gmt":"0814-01-28T11:36:26","guid":{"rendered":"http:\/\/familytree.dirkme.de\/?p=10776"},"modified":"2019-11-13T13:29:36","modified_gmt":"2019-11-13T13:29:36","slug":"karl-der-grosse-und-kaiser","status":"publish","type":"post","link":"https:\/\/familytree.dirkme.de\/index.php\/10776\/0814\/01\/28\/karl-der-grosse-und-kaiser\/messerschmidt\/","title":{"rendered":"Kaiser Karl der Gro\u00dfe"},"content":{"rendered":"<p>Karl der Gro\u00dfe war von 768 bis 814 K\u00f6nig des Fr\u00e4nkischen Reichs (bis 771 gemeinsam mit seinem Bruder Karlmann). Er erlangte am 25. Dezember 800 als erster westeurop\u00e4ischer Herrscher seit der Antike die Kaiserw\u00fcrde, die mit ihm erneuert wurde. Der Enkel des Hausmeiers Karl Martell war der bedeutendste Herrscher aus dem Geschlecht der Karolinger. Das Frankenreich gelangte unter ihm zu seiner gr\u00f6\u00dften Ausdehnung und Machtentfaltung.<\/p>\n<p>Kaiser Karl der Gro\u00dfe Franken ist der 35fache Urgro\u00dfvater <a href=https:\/\/familytree.dirkme.de\/index.php\/messerschmidt\/dirk-messerschmidt\/>Dirk Messerschmidt<\/a><\/p>\n","protected":false},"excerpt":{"rendered":"<p>Karl der Gro\u00dfe war von 768 bis 814 K\u00f6nig des Fr\u00e4nkischen Reichs (bis 771 gemeinsam mit seinem Bruder Karlmann). Er<\/p>\n","protected":false},"author":1,"featured_media":10963,"comment_status":"open","ping_status":"open","sticky":false,"template":"","format":"standard","meta":{"footnotes":""},"categories":[2],"tags":[46,47,45],"class_list":["post-10776","post","type-post","status-publish","format-standard","has-post-thumbnail","hentry","category-messerschmidt","tag-franken","tag-kaiser","tag-karolinger"],"yoast_head":"<!-- This site is optimized with the Yoast SEO plugin v26.4 - https:\/\/yoast.com\/wordpress\/plugins\/seo\/ -->\n<title>Kaiser Karl der Gro\u00dfe - Stammbaum Ahnenforschung Messerschmidt Georgii<\/title>\n<meta name=\"description\" content=\"Karl der Gro\u00dfe war von 768 bis 814 K\u00f6nig des Fr\u00e4nkischen Reichs (bis 771 gemeinsam mit seinem Bruder Karlmann). Er erlangte am 25. Dezember 800 als erster westeurop\u00e4ischer Herrscher seit der Antike die Kaiserw\u00fcrde, die mit ihm erneuert wurde. Der Enkel des Hausmeiers Karl Martell war der bedeutendste Herrscher aus dem Geschlecht der Karolinger. Das Frankenreich gelangte unter ihm zu seiner gr\u00f6\u00dften Ausdehnung und Machtentfaltung. Kaiser Karl der Gro\u00dfe Franken ist der 35fache Urgro\u00dfvater von Dirk Messerschmidt.\" \/>\n<meta name=\"robots\" content=\"index, follow, max-snippet:-1, max-image-preview:large, max-video-preview:-1\" \/>\n<link rel=\"canonical\" href=\"https:\/\/familytree.dirkme.de\/index.php\/10776\/0814\/01\/28\/karl-der-grosse-und-kaiser\/messerschmidt\/\" \/>\n<meta property=\"og:locale\" content=\"de_DE\" \/>\n<meta property=\"og:type\" content=\"article\" \/>\n<meta property=\"og:title\" content=\"Kaiser Karl der Gro\u00dfe - Stammbaum Ahnenforschung Messerschmidt Georgii\" \/>\n<meta property=\"og:description\" content=\"Karl der Gro\u00dfe war von 768 bis 814 K\u00f6nig des Fr\u00e4nkischen Reichs (bis 771 gemeinsam mit seinem Bruder Karlmann). Er erlangte am 25. Dezember 800 als erster westeurop\u00e4ischer Herrscher seit der Antike die Kaiserw\u00fcrde, die mit ihm erneuert wurde. Der Enkel des Hausmeiers Karl Martell war der bedeutendste Herrscher aus dem Geschlecht der Karolinger. Das Frankenreich gelangte unter ihm zu seiner gr\u00f6\u00dften Ausdehnung und Machtentfaltung. Kaiser Karl der Gro\u00dfe Franken ist der 35fache Urgro\u00dfvater von Dirk Messerschmidt.\" \/>\n<meta property=\"og:url\" content=\"https:\/\/familytree.dirkme.de\/index.php\/10776\/0814\/01\/28\/karl-der-grosse-und-kaiser\/messerschmidt\/\" \/>\n<meta property=\"og:site_name\" content=\"Stammbaum Ahnenforschung Messerschmidt Georgii\" \/>\n<meta property=\"article:published_time\" content=\"0814-01-28T11:36:26+00:00\" \/>\n<meta property=\"article:modified_time\" content=\"2019-11-13T13:29:36+00:00\" \/>\n<meta property=\"og:image\" content=\"https:\/\/familytree.dirkme.de\/wp-content\/uploads\/1827\/11\/karl-der-gro\u00dfe.jpg\" \/>\n\t<meta property=\"og:image:width\" content=\"199\" \/>\n\t<meta property=\"og:image:height\" content=\"376\" \/>\n\t<meta property=\"og:image:type\" content=\"image\/jpeg\" \/>\n<meta name=\"author\" content=\"D\" \/>\n<meta name=\"twitter:card\" content=\"summary_large_image\" \/>\n<meta name=\"twitter:label1\" content=\"Verfasst von\" \/>\n\t<meta name=\"twitter:data1\" content=\"D\" \/>\n<script type=\"application\/ld+json\" class=\"yoast-schema-graph\">{\"@context\":\"https:\/\/schema.org\",\"@graph\":[{\"@type\":\"Article\",\"@id\":\"https:\/\/familytree.dirkme.de\/index.php\/10776\/0814\/01\/28\/karl-der-grosse-und-kaiser\/messerschmidt\/#article\",\"isPartOf\":{\"@id\":\"https:\/\/familytree.dirkme.de\/index.php\/10776\/0814\/01\/28\/karl-der-grosse-und-kaiser\/messerschmidt\/\"},\"author\":{\"name\":\"D\",\"@id\":\"https:\/\/familytree.dirkme.de\/#\/schema\/person\/43124867caff1d81c8f3357a4682cee3\"},\"headline\":\"Kaiser Karl der Gro\u00dfe\",\"datePublished\":\"0814-01-28T11:36:26+00:00\",\"dateModified\":\"2019-11-13T13:29:36+00:00\",\"mainEntityOfPage\":{\"@id\":\"https:\/\/familytree.dirkme.de\/index.php\/10776\/0814\/01\/28\/karl-der-grosse-und-kaiser\/messerschmidt\/\"},\"wordCount\":84,\"commentCount\":0,\"publisher\":{\"@id\":\"https:\/\/familytree.dirkme.de\/#organization\"},\"image\":{\"@id\":\"https:\/\/familytree.dirkme.de\/index.php\/10776\/0814\/01\/28\/karl-der-grosse-und-kaiser\/messerschmidt\/#primaryimage\"},\"thumbnailUrl\":\"https:\/\/familytree.dirkme.de\/wp-content\/uploads\/1827\/11\/karl-der-gro\u00dfe.jpg\",\"keywords\":[\"Franken\",\"Kaiser\",\"Karolinger\"],\"articleSection\":[\"Messerschmidt\"],\"inLanguage\":\"de\",\"potentialAction\":[{\"@type\":\"CommentAction\",\"name\":\"Comment\",\"target\":[\"https:\/\/familytree.dirkme.de\/index.php\/10776\/0814\/01\/28\/karl-der-grosse-und-kaiser\/messerschmidt\/#respond\"]}]},{\"@type\":\"WebPage\",\"@id\":\"https:\/\/familytree.dirkme.de\/index.php\/10776\/0814\/01\/28\/karl-der-grosse-und-kaiser\/messerschmidt\/\",\"url\":\"https:\/\/familytree.dirkme.de\/index.php\/10776\/0814\/01\/28\/karl-der-grosse-und-kaiser\/messerschmidt\/\",\"name\":\"Kaiser Karl der Gro\u00dfe - Stammbaum Ahnenforschung Messerschmidt Georgii\",\"isPartOf\":{\"@id\":\"https:\/\/familytree.dirkme.de\/#website\"},\"primaryImageOfPage\":{\"@id\":\"https:\/\/familytree.dirkme.de\/index.php\/10776\/0814\/01\/28\/karl-der-grosse-und-kaiser\/messerschmidt\/#primaryimage\"},\"image\":{\"@id\":\"https:\/\/familytree.dirkme.de\/index.php\/10776\/0814\/01\/28\/karl-der-grosse-und-kaiser\/messerschmidt\/#primaryimage\"},\"thumbnailUrl\":\"https:\/\/familytree.dirkme.de\/wp-content\/uploads\/1827\/11\/karl-der-gro\u00dfe.jpg\",\"datePublished\":\"0814-01-28T11:36:26+00:00\",\"dateModified\":\"2019-11-13T13:29:36+00:00\",\"description\":\"Karl der Gro\u00dfe war von 768 bis 814 K\u00f6nig des Fr\u00e4nkischen Reichs (bis 771 gemeinsam mit seinem Bruder Karlmann). Er erlangte am 25. Dezember 800 als erster westeurop\u00e4ischer Herrscher seit der Antike die Kaiserw\u00fcrde, die mit ihm erneuert wurde. Der Enkel des Hausmeiers Karl Martell war der bedeutendste Herrscher aus dem Geschlecht der Karolinger. Das Frankenreich gelangte unter ihm zu seiner gr\u00f6\u00dften Ausdehnung und Machtentfaltung. Kaiser Karl der Gro\u00dfe Franken ist der 35fache Urgro\u00dfvater von Dirk Messerschmidt.\",\"breadcrumb\":{\"@id\":\"https:\/\/familytree.dirkme.de\/index.php\/10776\/0814\/01\/28\/karl-der-grosse-und-kaiser\/messerschmidt\/#breadcrumb\"},\"inLanguage\":\"de\",\"potentialAction\":[{\"@type\":\"ReadAction\",\"target\":[\"https:\/\/familytree.dirkme.de\/index.php\/10776\/0814\/01\/28\/karl-der-grosse-und-kaiser\/messerschmidt\/\"]}]},{\"@type\":\"ImageObject\",\"inLanguage\":\"de\",\"@id\":\"https:\/\/familytree.dirkme.de\/index.php\/10776\/0814\/01\/28\/karl-der-grosse-und-kaiser\/messerschmidt\/#primaryimage\",\"url\":\"https:\/\/familytree.dirkme.de\/wp-content\/uploads\/1827\/11\/karl-der-gro\u00dfe.jpg\",\"contentUrl\":\"https:\/\/familytree.dirkme.de\/wp-content\/uploads\/1827\/11\/karl-der-gro\u00dfe.jpg\",\"width\":199,\"height\":376},{\"@type\":\"BreadcrumbList\",\"@id\":\"https:\/\/familytree.dirkme.de\/index.php\/10776\/0814\/01\/28\/karl-der-grosse-und-kaiser\/messerschmidt\/#breadcrumb\",\"itemListElement\":[{\"@type\":\"ListItem\",\"position\":1,\"name\":\"Startseite\",\"item\":\"https:\/\/familytree.dirkme.de\/\"},{\"@type\":\"ListItem\",\"position\":2,\"name\":\"Kaiser Karl der Gro\u00dfe\"}]},{\"@type\":\"WebSite\",\"@id\":\"https:\/\/familytree.dirkme.de\/#website\",\"url\":\"https:\/\/familytree.dirkme.de\/\",\"name\":\"Stammbaum Ahnenforschung Messerschmidt Georgii\",\"description\":\"Family Tree History Messerschmidt Georgii Georgenau Kepler Bardili K\u00f6bberling Fl\u00fcgge Moser Zeller Alber Genealogie Vorfahren Ahnen\",\"publisher\":{\"@id\":\"https:\/\/familytree.dirkme.de\/#organization\"},\"potentialAction\":[{\"@type\":\"SearchAction\",\"target\":{\"@type\":\"EntryPoint\",\"urlTemplate\":\"https:\/\/familytree.dirkme.de\/?s={search_term_string}\"},\"query-input\":{\"@type\":\"PropertyValueSpecification\",\"valueRequired\":true,\"valueName\":\"search_term_string\"}}],\"inLanguage\":\"de\"},{\"@type\":\"Organization\",\"@id\":\"https:\/\/familytree.dirkme.de\/#organization\",\"name\":\"Family Tree Messerschmidt Georgii Kepler Bardili K\u00f6bberling Fl\u00fcgge\",\"url\":\"https:\/\/familytree.dirkme.de\/\",\"logo\":{\"@type\":\"ImageObject\",\"inLanguage\":\"de\",\"@id\":\"https:\/\/familytree.dirkme.de\/#\/schema\/logo\/image\/\",\"url\":\"https:\/\/familytree.dirkme.de\/wp-content\/uploads\/2019\/09\/favicon2.bmp\",\"contentUrl\":\"https:\/\/familytree.dirkme.de\/wp-content\/uploads\/2019\/09\/favicon2.bmp\",\"width\":48,\"height\":48,\"caption\":\"Family Tree Messerschmidt Georgii Kepler Bardili K\u00f6bberling Fl\u00fcgge\"},\"image\":{\"@id\":\"https:\/\/familytree.dirkme.de\/#\/schema\/logo\/image\/\"}},{\"@type\":\"Person\",\"@id\":\"https:\/\/familytree.dirkme.de\/#\/schema\/person\/43124867caff1d81c8f3357a4682cee3\",\"name\":\"D\",\"image\":{\"@type\":\"ImageObject\",\"inLanguage\":\"de\",\"@id\":\"https:\/\/familytree.dirkme.de\/#\/schema\/person\/image\/\",\"url\":\"https:\/\/secure.gravatar.com\/avatar\/95df1a4f4e3a7b51d919a3aeccc58b5cb620d834b793766eae868722f7818627?s=96&d=mm&r=g\",\"contentUrl\":\"https:\/\/secure.gravatar.com\/avatar\/95df1a4f4e3a7b51d919a3aeccc58b5cb620d834b793766eae868722f7818627?s=96&d=mm&r=g\",\"caption\":\"D\"},\"url\":\"https:\/\/familytree.dirkme.de\/index.php\/author\/messerschmidt_jt60219i\/\"}]}<\/script>\n<!-- \/ Yoast SEO plugin. -->","yoast_head_json":{"title":"Kaiser Karl der Gro\u00dfe - Stammbaum Ahnenforschung Messerschmidt Georgii","description":"Karl der Gro\u00dfe war von 768 bis 814 K\u00f6nig des Fr\u00e4nkischen Reichs (bis 771 gemeinsam mit seinem Bruder Karlmann). Er erlangte am 25. Dezember 800 als erster westeurop\u00e4ischer Herrscher seit der Antike die Kaiserw\u00fcrde, die mit ihm erneuert wurde. Der Enkel des Hausmeiers Karl Martell war der bedeutendste Herrscher aus dem Geschlecht der Karolinger. Das Frankenreich gelangte unter ihm zu seiner gr\u00f6\u00dften Ausdehnung und Machtentfaltung. Kaiser Karl der Gro\u00dfe Franken ist der 35fache Urgro\u00dfvater von Dirk Messerschmidt.","robots":{"index":"index","follow":"follow","max-snippet":"max-snippet:-1","max-image-preview":"max-image-preview:large","max-video-preview":"max-video-preview:-1"},"canonical":"https:\/\/familytree.dirkme.de\/index.php\/10776\/0814\/01\/28\/karl-der-grosse-und-kaiser\/messerschmidt\/","og_locale":"de_DE","og_type":"article","og_title":"Kaiser Karl der Gro\u00dfe - Stammbaum Ahnenforschung Messerschmidt Georgii","og_description":"Karl der Gro\u00dfe war von 768 bis 814 K\u00f6nig des Fr\u00e4nkischen Reichs (bis 771 gemeinsam mit seinem Bruder Karlmann). Er erlangte am 25. Dezember 800 als erster westeurop\u00e4ischer Herrscher seit der Antike die Kaiserw\u00fcrde, die mit ihm erneuert wurde. Der Enkel des Hausmeiers Karl Martell war der bedeutendste Herrscher aus dem Geschlecht der Karolinger. Das Frankenreich gelangte unter ihm zu seiner gr\u00f6\u00dften Ausdehnung und Machtentfaltung. Kaiser Karl der Gro\u00dfe Franken ist der 35fache Urgro\u00dfvater von Dirk Messerschmidt.","og_url":"https:\/\/familytree.dirkme.de\/index.php\/10776\/0814\/01\/28\/karl-der-grosse-und-kaiser\/messerschmidt\/","og_site_name":"Stammbaum Ahnenforschung Messerschmidt Georgii","article_published_time":"0814-01-28T11:36:26+00:00","article_modified_time":"2019-11-13T13:29:36+00:00","og_image":[{"width":199,"height":376,"url":"https:\/\/familytree.dirkme.de\/wp-content\/uploads\/1827\/11\/karl-der-gro\u00dfe.jpg","type":"image\/jpeg"}],"author":"D","twitter_card":"summary_large_image","twitter_misc":{"Verfasst von":"D"},"schema":{"@context":"https:\/\/schema.org","@graph":[{"@type":"Article","@id":"https:\/\/familytree.dirkme.de\/index.php\/10776\/0814\/01\/28\/karl-der-grosse-und-kaiser\/messerschmidt\/#article","isPartOf":{"@id":"https:\/\/familytree.dirkme.de\/index.php\/10776\/0814\/01\/28\/karl-der-grosse-und-kaiser\/messerschmidt\/"},"author":{"name":"D","@id":"https:\/\/familytree.dirkme.de\/#\/schema\/person\/43124867caff1d81c8f3357a4682cee3"},"headline":"Kaiser Karl der Gro\u00dfe","datePublished":"0814-01-28T11:36:26+00:00","dateModified":"2019-11-13T13:29:36+00:00","mainEntityOfPage":{"@id":"https:\/\/familytree.dirkme.de\/index.php\/10776\/0814\/01\/28\/karl-der-grosse-und-kaiser\/messerschmidt\/"},"wordCount":84,"commentCount":0,"publisher":{"@id":"https:\/\/familytree.dirkme.de\/#organization"},"image":{"@id":"https:\/\/familytree.dirkme.de\/index.php\/10776\/0814\/01\/28\/karl-der-grosse-und-kaiser\/messerschmidt\/#primaryimage"},"thumbnailUrl":"https:\/\/familytree.dirkme.de\/wp-content\/uploads\/1827\/11\/karl-der-gro\u00dfe.jpg","keywords":["Franken","Kaiser","Karolinger"],"articleSection":["Messerschmidt"],"inLanguage":"de","potentialAction":[{"@type":"CommentAction","name":"Comment","target":["https:\/\/familytree.dirkme.de\/index.php\/10776\/0814\/01\/28\/karl-der-grosse-und-kaiser\/messerschmidt\/#respond"]}]},{"@type":"WebPage","@id":"https:\/\/familytree.dirkme.de\/index.php\/10776\/0814\/01\/28\/karl-der-grosse-und-kaiser\/messerschmidt\/","url":"https:\/\/familytree.dirkme.de\/index.php\/10776\/0814\/01\/28\/karl-der-grosse-und-kaiser\/messerschmidt\/","name":"Kaiser Karl der Gro\u00dfe - Stammbaum Ahnenforschung Messerschmidt Georgii","isPartOf":{"@id":"https:\/\/familytree.dirkme.de\/#website"},"primaryImageOfPage":{"@id":"https:\/\/familytree.dirkme.de\/index.php\/10776\/0814\/01\/28\/karl-der-grosse-und-kaiser\/messerschmidt\/#primaryimage"},"image":{"@id":"https:\/\/familytree.dirkme.de\/index.php\/10776\/0814\/01\/28\/karl-der-grosse-und-kaiser\/messerschmidt\/#primaryimage"},"thumbnailUrl":"https:\/\/familytree.dirkme.de\/wp-content\/uploads\/1827\/11\/karl-der-gro\u00dfe.jpg","datePublished":"0814-01-28T11:36:26+00:00","dateModified":"2019-11-13T13:29:36+00:00","description":"Karl der Gro\u00dfe war von 768 bis 814 K\u00f6nig des Fr\u00e4nkischen Reichs (bis 771 gemeinsam mit seinem Bruder Karlmann). Er erlangte am 25. Dezember 800 als erster westeurop\u00e4ischer Herrscher seit der Antike die Kaiserw\u00fcrde, die mit ihm erneuert wurde. Der Enkel des Hausmeiers Karl Martell war der bedeutendste Herrscher aus dem Geschlecht der Karolinger. Das Frankenreich gelangte unter ihm zu seiner gr\u00f6\u00dften Ausdehnung und Machtentfaltung. Kaiser Karl der Gro\u00dfe Franken ist der 35fache Urgro\u00dfvater von Dirk Messerschmidt.","breadcrumb":{"@id":"https:\/\/familytree.dirkme.de\/index.php\/10776\/0814\/01\/28\/karl-der-grosse-und-kaiser\/messerschmidt\/#breadcrumb"},"inLanguage":"de","potentialAction":[{"@type":"ReadAction","target":["https:\/\/familytree.dirkme.de\/index.php\/10776\/0814\/01\/28\/karl-der-grosse-und-kaiser\/messerschmidt\/"]}]},{"@type":"ImageObject","inLanguage":"de","@id":"https:\/\/familytree.dirkme.de\/index.php\/10776\/0814\/01\/28\/karl-der-grosse-und-kaiser\/messerschmidt\/#primaryimage","url":"https:\/\/familytree.dirkme.de\/wp-content\/uploads\/1827\/11\/karl-der-gro\u00dfe.jpg","contentUrl":"https:\/\/familytree.dirkme.de\/wp-content\/uploads\/1827\/11\/karl-der-gro\u00dfe.jpg","width":199,"height":376},{"@type":"BreadcrumbList","@id":"https:\/\/familytree.dirkme.de\/index.php\/10776\/0814\/01\/28\/karl-der-grosse-und-kaiser\/messerschmidt\/#breadcrumb","itemListElement":[{"@type":"ListItem","position":1,"name":"Startseite","item":"https:\/\/familytree.dirkme.de\/"},{"@type":"ListItem","position":2,"name":"Kaiser Karl der Gro\u00dfe"}]},{"@type":"WebSite","@id":"https:\/\/familytree.dirkme.de\/#website","url":"https:\/\/familytree.dirkme.de\/","name":"Stammbaum Ahnenforschung Messerschmidt Georgii","description":"Family Tree History Messerschmidt Georgii Georgenau Kepler Bardili K\u00f6bberling Fl\u00fcgge Moser Zeller Alber Genealogie Vorfahren Ahnen","publisher":{"@id":"https:\/\/familytree.dirkme.de\/#organization"},"potentialAction":[{"@type":"SearchAction","target":{"@type":"EntryPoint","urlTemplate":"https:\/\/familytree.dirkme.de\/?s={search_term_string}"},"query-input":{"@type":"PropertyValueSpecification","valueRequired":true,"valueName":"search_term_string"}}],"inLanguage":"de"},{"@type":"Organization","@id":"https:\/\/familytree.dirkme.de\/#organization","name":"Family Tree Messerschmidt Georgii Kepler Bardili K\u00f6bberling Fl\u00fcgge","url":"https:\/\/familytree.dirkme.de\/","logo":{"@type":"ImageObject","inLanguage":"de","@id":"https:\/\/familytree.dirkme.de\/#\/schema\/logo\/image\/","url":"https:\/\/familytree.dirkme.de\/wp-content\/uploads\/2019\/09\/favicon2.bmp","contentUrl":"https:\/\/familytree.dirkme.de\/wp-content\/uploads\/2019\/09\/favicon2.bmp","width":48,"height":48,"caption":"Family Tree Messerschmidt Georgii Kepler Bardili K\u00f6bberling Fl\u00fcgge"},"image":{"@id":"https:\/\/familytree.dirkme.de\/#\/schema\/logo\/image\/"}},{"@type":"Person","@id":"https:\/\/familytree.dirkme.de\/#\/schema\/person\/43124867caff1d81c8f3357a4682cee3","name":"D","image":{"@type":"ImageObject","inLanguage":"de","@id":"https:\/\/familytree.dirkme.de\/#\/schema\/person\/image\/","url":"https:\/\/secure.gravatar.com\/avatar\/95df1a4f4e3a7b51d919a3aeccc58b5cb620d834b793766eae868722f7818627?s=96&d=mm&r=g","contentUrl":"https:\/\/secure.gravatar.com\/avatar\/95df1a4f4e3a7b51d919a3aeccc58b5cb620d834b793766eae868722f7818627?s=96&d=mm&r=g","caption":"D"},"url":"https:\/\/familytree.dirkme.de\/index.php\/author\/messerschmidt_jt60219i\/"}]}},"_links":{"self":[{"href":"https:\/\/familytree.dirkme.de\/index.php\/wp-json\/wp\/v2\/posts\/10776","targetHints":{"allow":["GET"]}}],"collection":[{"href":"https:\/\/familytree.dirkme.de\/index.php\/wp-json\/wp\/v2\/posts"}],"about":[{"href":"https:\/\/familytree.dirkme.de\/index.php\/wp-json\/wp\/v2\/types\/post"}],"author":[{"embeddable":true,"href":"https:\/\/familytree.dirkme.de\/index.php\/wp-json\/wp\/v2\/users\/1"}],"replies":[{"embeddable":true,"href":"https:\/\/familytree.dirkme.de\/index.php\/wp-json\/wp\/v2\/comments?post=10776"}],"version-history":[{"count":3,"href":"https:\/\/familytree.dirkme.de\/index.php\/wp-json\/wp\/v2\/posts\/10776\/revisions"}],"predecessor-version":[{"id":10784,"href":"https:\/\/familytree.dirkme.de\/index.php\/wp-json\/wp\/v2\/posts\/10776\/revisions\/10784"}],"wp:featuredmedia":[{"embeddable":true,"href":"https:\/\/familytree.dirkme.de\/index.php\/wp-json\/wp\/v2\/media\/10963"}],"wp:attachment":[{"href":"https:\/\/familytree.dirkme.de\/index.php\/wp-json\/wp\/v2\/media?parent=10776"}],"wp:term":[{"taxonomy":"category","embeddable":true,"href":"https:\/\/familytree.dirkme.de\/index.php\/wp-json\/wp\/v2\/categories?post=10776"},{"taxonomy":"post_tag","embeddable":true,"href":"https:\/\/familytree.dirkme.de\/index.php\/wp-json\/wp\/v2\/tags?post=10776"}],"curies":[{"name":"wp","href":"https:\/\/api.w.org\/{rel}","templated":true}]}}